{"id":584,"date":"2019-09-23T10:15:22","date_gmt":"2019-09-23T08:15:22","guid":{"rendered":"https:\/\/e-medine.org\/?p=584"},"modified":"2023-11-09T16:00:51","modified_gmt":"2023-11-09T15:00:51","slug":"le-politiche-europee-sullimmigrazione","status":"publish","type":"post","link":"https:\/\/e-medine.org\/it\/le-politiche-europee-sullimmigrazione\/","title":{"rendered":"Politiche Europee sull&#8217;Immigrazione"},"content":{"rendered":"\t\t<div data-elementor-type=\"wp-post\" data-elementor-id=\"584\" class=\"elementor elementor-584\" data-elementor-post-type=\"post\">\n\t\t\t\t\t\t<section class=\"elementor-section elementor-top-section elementor-element elementor-element-edfb027 elementor-section-boxed elementor-section-height-default elementor-section-height-default\" data-id=\"edfb027\" data-element_type=\"section\" data-e-type=\"section\">\n\t\t\t\t\t\t<div class=\"elementor-container elementor-column-gap-no\">\n\t\t\t\t\t<div class=\"elementor-column elementor-col-100 elementor-top-column elementor-element elementor-element-44d754b\" data-id=\"44d754b\" data-element_type=\"column\" data-e-type=\"column\">\n\t\t\t<div class=\"elementor-widget-wrap elementor-element-populated\">\n\t\t\t\t\t\t<div class=\"elementor-element elementor-element-7c9077a elementor-widget elementor-widget-text-editor\" data-id=\"7c9077a\" data-element_type=\"widget\" data-e-type=\"widget\" data-widget_type=\"text-editor.default\">\n\t\t\t\t<div class=\"elementor-widget-container\">\n\t\t\t\t\t\t\t\t\t<p>Le politiche europee sull\u2019immigrazione sono governate dal principio di <strong>solidariet\u00e0<\/strong> ed <strong>equa ripartizione della responsabilit\u00e0<\/strong> fra gli Stati membri, anche sul piano finanziario. Infatti, l\u2019attuazione di una politica migratoria lungimirante e globale rappresenta, ad oggi, un obiettivo fondamentale per l&#8217;Unione Europea (UE). L&#8217;UE tratta i problemi legati all&#8217;immigrazione nel quadro del pi\u00f9 ampio settore \u201clibert\u00e0, sicurezza e giustizia\u201d.<\/p><p>Il primo punto dell\u2019art. 79 del Trattato sul Funzionamento dell\u2019Unione Europea (TFUE) , afferma:<br \/>\u00ab<em>L&#8217;Unione sviluppa una <strong>politica comune<\/strong> dell&#8217;immigrazione intesa ad assicurare, in ogni fase, la gestione efficace dei flussi migratori, l&#8217;equo trattamento dei cittadini dei Paesi terzi regolarmente soggiornanti negli Stati membri e la prevenzione e il contrasto rafforzato dell&#8217;immigrazione illegale e della tratta degli esseri umani<\/em>\u00bb.<\/p>\t\t\t\t\t\t\t\t<\/div>\n\t\t\t\t<\/div>\n\t\t\t\t<div class=\"elementor-element elementor-element-ad86a5c elementor-widget elementor-widget-heading\" data-id=\"ad86a5c\" data-element_type=\"widget\" data-e-type=\"widget\" data-widget_type=\"heading.default\">\n\t\t\t\t<div class=\"elementor-widget-container\">\n\t\t\t\t\t<h2 class=\"elementor-heading-title elementor-size-default\">Immigrazione regolare e irregolare<\/h2>\t\t\t\t<\/div>\n\t\t\t\t<\/div>\n\t\t\t\t<div class=\"elementor-element elementor-element-033b0da elementor-widget elementor-widget-text-editor\" data-id=\"033b0da\" data-element_type=\"widget\" data-e-type=\"widget\" data-widget_type=\"text-editor.default\">\n\t\t\t\t<div class=\"elementor-widget-container\">\n\t\t\t\t\t\t\t\t\t<p>Le politiche europee in materia d&#8217;immigrazione puntano a stabilire un approccio equilibrato per gestire l&#8217;immigrazione regolare e affrontare il problema di quella irregolare.<\/p><p>Riguardo alla <strong>migrazione regolare<\/strong>, all\u2019UE spetta la competenza di definire le <strong>condizioni d&#8217;ingresso e soggiorno legale<\/strong> dei cittadini di Paesi terzi (compreso il ricongiungimento familiare). Tuttavia, gli Stati membri conservano la facolt\u00e0 di stabilire i <strong>volumi di ammissione<\/strong> per i cittadini extracomunitari in cerca di lavoro.<\/p><p>Invece, con riferimento alla lotta all\u2019<strong>immigrazione irregolare<\/strong>, l\u2019UE ha il compito di ridurla e prevenirla, per esempio attraverso un\u2019<strong>efficace politica dei rimpatri<\/strong> che rispetti i diritti umani.<\/p>\t\t\t\t\t\t\t\t<\/div>\n\t\t\t\t<\/div>\n\t\t\t\t<div class=\"elementor-element elementor-element-a227c7b elementor-widget elementor-widget-image\" data-id=\"a227c7b\" data-element_type=\"widget\" data-e-type=\"widget\" data-widget_type=\"image.default\">\n\t\t\t\t<div class=\"elementor-widget-container\">\n\t\t\t\t\t\t\t\t\t\t\t\t\t\t\t<img fetchpriority=\"high\" decoding=\"async\" width=\"780\" height=\"251\" src=\"https:\/\/media.e-medine.org\/e-medine.org\/wp-content\/uploads\/2019\/09\/immigrazioni-dal-2015-al-2019.jpg\" class=\"attachment-full size-full wp-image-586\" alt=\"\" srcset=\"https:\/\/media.e-medine.org\/e-medine.org\/wp-content\/uploads\/2019\/09\/immigrazioni-dal-2015-al-2019.jpg 780w, https:\/\/media.e-medine.org\/e-medine.org\/wp-content\/uploads\/2019\/09\/immigrazioni-dal-2015-al-2019-300x97.jpg 300w, https:\/\/media.e-medine.org\/e-medine.org\/wp-content\/uploads\/2019\/09\/immigrazioni-dal-2015-al-2019-768x247.jpg 768w\" sizes=\"(max-width: 780px) 100vw, 780px\" \/>\t\t\t\t\t\t\t\t\t\t\t\t\t\t\t<\/div>\n\t\t\t\t<\/div>\n\t\t\t\t<div class=\"elementor-element elementor-element-e8bfcb8 elementor-widget elementor-widget-heading\" data-id=\"e8bfcb8\" data-element_type=\"widget\" data-e-type=\"widget\" data-widget_type=\"heading.default\">\n\t\t\t\t<div class=\"elementor-widget-container\">\n\t\t\t\t\t<h2 class=\"elementor-heading-title elementor-size-default\">I flussi migratori in Europa dal 2015 a oggi<\/h2>\t\t\t\t<\/div>\n\t\t\t\t<\/div>\n\t\t\t\t<div class=\"elementor-element elementor-element-5f94e84 elementor-widget elementor-widget-text-editor\" data-id=\"5f94e84\" data-element_type=\"widget\" data-e-type=\"widget\" data-widget_type=\"text-editor.default\">\n\t\t\t\t<div class=\"elementor-widget-container\">\n\t\t\t\t\t\t\t\t\t<p>Dal 2015 a oggi il trend dei flussi migratori verso gli Stati membri che si affacciano sul Mediterraneo si \u00e8 progressivamente ridotto. Lo dimostrano i dati dell&#8217;<a href=\"https:\/\/www.unhcr.org\/it\/\" target=\"_blank\" rel=\"noopener nofollow\"><strong>Alto Commissariato delle Nazioni Unite per i Rifugiati (UNHCR)<\/strong><\/a>, la principale organizzazione a tutela dei diritti e del benessere di rifugiati, sfollati e apolidi.<\/p><p>Il <strong>2015<\/strong> rappresenta, inoltre, l\u2019anno in cui si sono registrati i <strong>picchi pi\u00f9 alti di flussi migratori<\/strong>, con oltre <strong>un milione di migranti<\/strong>. Il numero \u00e8 sceso notevolmente negli anni a seguire: il dato registrato nel 2018 \u00e8 di circa 140 mila migranti, mentre quello di quest\u2019anno, fino a settembre<strong> 2019<\/strong>, sfiora i <strong>70 mila migranti.<\/strong><\/p><p>In estate, di solito, si verificano maggiori migrazioni, a causa anche del miglioramento delle condizioni climatiche. I Paesi UE maggiormente interessati dai flussi migratori si affacciano tutti sul Mediterraneo e sono: Spagna, Italia, Malta, Grecia e Cipro.<\/p>\t\t\t\t\t\t\t\t<\/div>\n\t\t\t\t<\/div>\n\t\t\t\t<div class=\"elementor-element elementor-element-347007b elementor-widget elementor-widget-heading\" data-id=\"347007b\" data-element_type=\"widget\" data-e-type=\"widget\" data-widget_type=\"heading.default\">\n\t\t\t\t<div class=\"elementor-widget-container\">\n\t\t\t\t\t<h2 class=\"elementor-heading-title elementor-size-default\">L'agenda europea sulla migrazione<\/h2>\t\t\t\t<\/div>\n\t\t\t\t<\/div>\n\t\t\t\t<div class=\"elementor-element elementor-element-0b525a7 elementor-widget elementor-widget-text-editor\" data-id=\"0b525a7\" data-element_type=\"widget\" data-e-type=\"widget\" data-widget_type=\"text-editor.default\">\n\t\t\t\t<div class=\"elementor-widget-container\">\n\t\t\t\t\t\t\t\t\t<p>Nel <strong>maggio 2015,<\/strong> la Commissione europea ha presentato <strong><a href=\"https:\/\/eur-lex.europa.eu\/legal-content\/IT\/TXT\/PDF\/?uri=CELEX%3A52015DC0240&amp;from=IT\" target=\"_blank\" rel=\"noopener\">l\u2019Agenda europea sulla migrazione<\/a><\/strong><strong>,<\/strong> un documento che raccoglie le politiche migratorie dell&#8217;Unione in un <em>unicum <\/em>organico di misure volte ad affrontare la sempre verde situazione di crisi che affligge il Mediterraneo. All\u2019interno dell&#8217;Agenda, la Commissione ha delineato le iniziative e i progetti che serviranno a una gestione pi\u00f9 efficace del fenomeno migratorio.<\/p>\t\t\t\t\t\t\t\t<\/div>\n\t\t\t\t<\/div>\n\t\t\t\t<div class=\"elementor-element elementor-element-ff284f2 elementor-widget elementor-widget-heading\" data-id=\"ff284f2\" data-element_type=\"widget\" data-e-type=\"widget\" data-widget_type=\"heading.default\">\n\t\t\t\t<div class=\"elementor-widget-container\">\n\t\t\t\t\t<h3 class=\"elementor-heading-title elementor-size-default\">Le priorit\u00e0 individuate dalla Commissione<\/h3>\t\t\t\t<\/div>\n\t\t\t\t<\/div>\n\t\t\t\t<div class=\"elementor-element elementor-element-fcaeb90 elementor-widget elementor-widget-text-editor\" data-id=\"fcaeb90\" data-element_type=\"widget\" data-e-type=\"widget\" data-widget_type=\"text-editor.default\">\n\t\t\t\t<div class=\"elementor-widget-container\">\n\t\t\t\t\t\t\t\t\t<p>Dopo aver fissato le linee guida e le misure da adottare, in un comunicato del 2016, la Commissione ha indicato <strong>5 priorit\u00e0 in materia di asilo e immigrazione<\/strong>. Le priorit\u00e0 individuate sono:<\/p>\t\t\t\t\t\t\t\t<\/div>\n\t\t\t\t<\/div>\n\t\t\t\t<div class=\"elementor-element elementor-element-13b6ead sistemo-listati elementor-icon-list--layout-traditional elementor-list-item-link-full_width elementor-widget elementor-widget-icon-list\" data-id=\"13b6ead\" data-element_type=\"widget\" data-e-type=\"widget\" data-widget_type=\"icon-list.default\">\n\t\t\t\t<div class=\"elementor-widget-container\">\n\t\t\t\t\t\t\t<ul class=\"elementor-icon-list-items\">\n\t\t\t\t\t\t\t<li class=\"elementor-icon-list-item\">\n\t\t\t\t\t\t\t\t\t\t\t<span class=\"elementor-icon-list-icon\">\n\t\t\t\t\t\t\t<svg aria-hidden=\"true\" class=\"e-font-icon-svg e-fas-check\" viewBox=\"0 0 512 512\" xmlns=\"http:\/\/www.w3.org\/2000\/svg\"><path d=\"M173.898 439.404l-166.4-166.4c-9.997-9.997-9.997-26.206 0-36.204l36.203-36.204c9.997-9.998 26.207-9.998 36.204 0L192 312.69 432.095 72.596c9.997-9.997 26.207-9.997 36.204 0l36.203 36.204c9.997 9.997 9.997 26.206 0 36.204l-294.4 294.401c-9.998 9.997-26.207 9.997-36.204-.001z\"><\/path><\/svg>\t\t\t\t\t\t<\/span>\n\t\t\t\t\t\t\t\t\t\t<span class=\"elementor-icon-list-text\">stabilire un sistema sostenibile ed equo di <strong>determinazione dello Stato membro competente<\/strong> per i richiedenti asilo (previsione di specifici punti di ingresso, adozione di un nuovo sistema basato su una chiave di distribuzione, condivisione di responsabilit\u00e0 fra gli Stati membri e un'equa ripartizione dei richiedenti asilo). Per questo obiettivo, la Commissione aveva proposto la <strong>modifica del regolamento di Dublino<\/strong>;<\/span>\n\t\t\t\t\t\t\t\t\t<\/li>\n\t\t\t\t\t\t\t\t<li class=\"elementor-icon-list-item\">\n\t\t\t\t\t\t\t\t\t\t\t<span class=\"elementor-icon-list-icon\">\n\t\t\t\t\t\t\t<svg aria-hidden=\"true\" class=\"e-font-icon-svg e-fas-check\" viewBox=\"0 0 512 512\" xmlns=\"http:\/\/www.w3.org\/2000\/svg\"><path d=\"M173.898 439.404l-166.4-166.4c-9.997-9.997-9.997-26.206 0-36.204l36.203-36.204c9.997-9.998 26.207-9.998 36.204 0L192 312.69 432.095 72.596c9.997-9.997 26.207-9.997 36.204 0l36.203 36.204c9.997 9.997 9.997 26.206 0 36.204l-294.4 294.401c-9.998 9.997-26.207 9.997-36.204-.001z\"><\/path><\/svg>\t\t\t\t\t\t<\/span>\n\t\t\t\t\t\t\t\t\t\t<span class=\"elementor-icon-list-text\">rafforzare il sistema EURODAC, per favorire la lotta contro l\u2019immigrazione irregolare;<\/span>\n\t\t\t\t\t\t\t\t\t<\/li>\n\t\t\t\t\t\t\t\t<li class=\"elementor-icon-list-item\">\n\t\t\t\t\t\t\t\t\t\t\t<span class=\"elementor-icon-list-icon\">\n\t\t\t\t\t\t\t<svg aria-hidden=\"true\" class=\"e-font-icon-svg e-fas-check\" viewBox=\"0 0 512 512\" xmlns=\"http:\/\/www.w3.org\/2000\/svg\"><path d=\"M173.898 439.404l-166.4-166.4c-9.997-9.997-9.997-26.206 0-36.204l36.203-36.204c9.997-9.998 26.207-9.998 36.204 0L192 312.69 432.095 72.596c9.997-9.997 26.207-9.997 36.204 0l36.203 36.204c9.997 9.997 9.997 26.206 0 36.204l-294.4 294.401c-9.998 9.997-26.207 9.997-36.204-.001z\"><\/path><\/svg>\t\t\t\t\t\t<\/span>\n\t\t\t\t\t\t\t\t\t\t<span class=\"elementor-icon-list-text\">armonizzare le norme del sistema europeo comune di asilo;<\/span>\n\t\t\t\t\t\t\t\t\t<\/li>\n\t\t\t\t\t\t\t\t<li class=\"elementor-icon-list-item\">\n\t\t\t\t\t\t\t\t\t\t\t<span class=\"elementor-icon-list-icon\">\n\t\t\t\t\t\t\t<svg aria-hidden=\"true\" class=\"e-font-icon-svg e-fas-check\" viewBox=\"0 0 512 512\" xmlns=\"http:\/\/www.w3.org\/2000\/svg\"><path d=\"M173.898 439.404l-166.4-166.4c-9.997-9.997-9.997-26.206 0-36.204l36.203-36.204c9.997-9.998 26.207-9.998 36.204 0L192 312.69 432.095 72.596c9.997-9.997 26.207-9.997 36.204 0l36.203 36.204c9.997 9.997 9.997 26.206 0 36.204l-294.4 294.401c-9.998 9.997-26.207 9.997-36.204-.001z\"><\/path><\/svg>\t\t\t\t\t\t<\/span>\n\t\t\t\t\t\t\t\t\t\t<span class=\"elementor-icon-list-text\">prevenire i movimenti secondari all'interno dell'UE, evitando che il Regolamento di Dublino sia ostacolato da abusi o dal moltiplicarsi delle domande di asilo (il cosiddetto <i>\"asylum shopping\"<\/i>) da parte di richiedenti o beneficiari di protezione internazionale;<\/span>\n\t\t\t\t\t\t\t\t\t<\/li>\n\t\t\t\t\t\t\t\t<li class=\"elementor-icon-list-item\">\n\t\t\t\t\t\t\t\t\t\t\t<span class=\"elementor-icon-list-icon\">\n\t\t\t\t\t\t\t<svg aria-hidden=\"true\" class=\"e-font-icon-svg e-fas-check\" viewBox=\"0 0 512 512\" xmlns=\"http:\/\/www.w3.org\/2000\/svg\"><path d=\"M173.898 439.404l-166.4-166.4c-9.997-9.997-9.997-26.206 0-36.204l36.203-36.204c9.997-9.998 26.207-9.998 36.204 0L192 312.69 432.095 72.596c9.997-9.997 26.207-9.997 36.204 0l36.203 36.204c9.997 9.997 9.997 26.206 0 36.204l-294.4 294.401c-9.998 9.997-26.207 9.997-36.204-.001z\"><\/path><\/svg>\t\t\t\t\t\t<\/span>\n\t\t\t\t\t\t\t\t\t\t<span class=\"elementor-icon-list-text\">un <b>nuovo mandato per l'agenzia UE per l'asilo<\/b>, da attuare con una modifica del mandato dell'European Union Agency for Asylum (EASO), in modo che possa svolgere un nuovo ruolo di attuazione delle politiche e un ruolo operativo rafforzato, predisponendo risorse finanziarie e mezzi giuridici sufficienti a questo scopo.<\/span>\n\t\t\t\t\t\t\t\t\t<\/li>\n\t\t\t\t\t\t<\/ul>\n\t\t\t\t\t\t<\/div>\n\t\t\t\t<\/div>\n\t\t\t\t<div class=\"elementor-element elementor-element-06c79f6 elementor-widget elementor-widget-image\" data-id=\"06c79f6\" data-element_type=\"widget\" data-e-type=\"widget\" data-widget_type=\"image.default\">\n\t\t\t\t<div class=\"elementor-widget-container\">\n\t\t\t\t\t\t\t\t\t\t\t\t\t\t\t<img decoding=\"async\" width=\"780\" height=\"1019\" src=\"https:\/\/media.e-medine.org\/e-medine.org\/wp-content\/uploads\/2019\/09\/Reg-Dublino.jpg\" class=\"attachment-full size-full wp-image-588\" alt=\"\" srcset=\"https:\/\/media.e-medine.org\/e-medine.org\/wp-content\/uploads\/2019\/09\/Reg-Dublino.jpg 780w, https:\/\/media.e-medine.org\/e-medine.org\/wp-content\/uploads\/2019\/09\/Reg-Dublino-230x300.jpg 230w, https:\/\/media.e-medine.org\/e-medine.org\/wp-content\/uploads\/2019\/09\/Reg-Dublino-768x1003.jpg 768w\" sizes=\"(max-width: 780px) 100vw, 780px\" \/>\t\t\t\t\t\t\t\t\t\t\t\t\t\t\t<\/div>\n\t\t\t\t<\/div>\n\t\t\t\t<div class=\"elementor-element elementor-element-64b78ff elementor-widget elementor-widget-heading\" data-id=\"64b78ff\" data-element_type=\"widget\" data-e-type=\"widget\" data-widget_type=\"heading.default\">\n\t\t\t\t<div class=\"elementor-widget-container\">\n\t\t\t\t\t<h3 class=\"elementor-heading-title elementor-size-default\">Il regolamento di Dublino<\/h3>\t\t\t\t<\/div>\n\t\t\t\t<\/div>\n\t\t\t\t<div class=\"elementor-element elementor-element-66942e5 elementor-widget elementor-widget-text-editor\" data-id=\"66942e5\" data-element_type=\"widget\" data-e-type=\"widget\" data-widget_type=\"text-editor.default\">\n\t\t\t\t<div class=\"elementor-widget-container\">\n\t\t\t\t\t\t\t\t\t<p>Il <a href=\"https:\/\/eur-lex.europa.eu\/legal-content\/IT\/TXT\/?uri=celex:32013R0604\" target=\"_blank\" rel=\"noopener\"><strong>Regolamento di Dublino<\/strong><\/a> \u00e8 una convenzione che stabilisce i <strong>criteri di determinazione dello Stato<\/strong> membro <strong>competente per l\u2019esame di una domanda di asilo<\/strong> presentata in uno degli Stati membri da un cittadino di un Paese terzo o da un apolide. La convenzione serve a garantire un\u2019equa ripartizione delle responsabilit\u00e0 fra gli Stati aderenti.<\/p><p>La Convenzione di Dublino \u00e8 stata<strong> firmata il 15 giugno 1990 <\/strong>ed \u00e8 entrata <strong>in vigore il 1\u00b0 settembre 1997.<\/strong><\/p><p>Nel<strong> 2003<\/strong> \u00e8 stato adottato il <strong>Regolamento di Dublino II<\/strong> (regolamento 2003\/343\/CE). Nel <strong>2013<\/strong>, invece, \u00e8 stato approvato il <strong>Regolamento di Dublino III<\/strong> (2013\/604\/CE), con valenza per tutti gli Stati membri, ad esclusione della Danimarca.<\/p><p>Il sistema previsto dal regolamento \u00e8 il seguente: il primo Stato membro che riceve una richiesta di asilo, o che memorizza le impronte digitali di un cittadino extracomunitario, \u00e8 responsabile della richiesta d&#8217;asilo di un rifugiato.\u00a0<\/p><p>Si \u00e8 sostenuto pi\u00f9 volte <strong>che il sistema non garantisce adeguata protezione<\/strong> ai richiedenti asilo, soprattutto a causa dei lunghi tempi di esame delle richieste e della poca rilevanza riconosciuta ai ricongiungimenti familiari. Inoltre, si \u00e8 spesso rilevato che il suddetto <strong>sistema comporta una pressione maggiore per gli Stati membri che si affacciano al Mediterraneo<\/strong>, essendo pi\u00f9 esposti all\u2019ingresso di migranti e profughi.<\/p><p>Nel <strong>novembre 2017<\/strong> il <a href=\"https:\/\/www.europarl.europa.eu\/portal\/it\" target=\"_blank\" rel=\"nofollow noopener\">Parlamento europeo<\/a> ha approvato una <strong>proposta di riforma<\/strong>, ma non \u00e8 andata a buon fine. La proposta prevedeva il superamento dei criteri di Dublino e un meccanismo di ricollocamento dei richiedenti asilo secondo un sistema di quote, a cui avrebbero dovuto partecipare tutti gli Stati dell\u2019Unione. Inoltre, la proposta di modifica introduceva anche alcuni criteri che tenessero conto dei rapporti, familiari e non, del richiedente asilo con lo Stato membro in cui presentare la domanda.<\/p>\t\t\t\t\t\t\t\t<\/div>\n\t\t\t\t<\/div>\n\t\t\t\t<div class=\"elementor-element elementor-element-924f7d6 elementor-widget elementor-widget-heading\" data-id=\"924f7d6\" data-element_type=\"widget\" data-e-type=\"widget\" data-widget_type=\"heading.default\">\n\t\t\t\t<div class=\"elementor-widget-container\">\n\t\t\t\t\t<h3 class=\"elementor-heading-title elementor-size-default\">Il sistema EURODAC<\/h3>\t\t\t\t<\/div>\n\t\t\t\t<\/div>\n\t\t\t\t<div class=\"elementor-element elementor-element-e1d74f4 elementor-widget elementor-widget-text-editor\" data-id=\"e1d74f4\" data-element_type=\"widget\" data-e-type=\"widget\" data-widget_type=\"text-editor.default\">\n\t\t\t\t<div class=\"elementor-widget-container\">\n\t\t\t\t\t\t\t\t\t<p>Gli Stati membri in cui si trovano i punti di primo ingresso sono tenuti a identificare e registrare tutti i migranti, rilevarne le impronte digitali e rimpatriare quelli che non necessitano di protezione. La polizia nazionale di ciascun Stato procede poi all\u2019identificazione e all\u2019acquisizione delle impronte digitali e invia tutte le informazioni all\u2019unit\u00e0 centrale presso la Commissione Europea, per i confronti con i dati salvati in EURODAC.<\/p><p>EURODAC vuol dire <strong>European Dactyloscopie <\/strong>(ovvero &#8220;<strong>Dattiloscopia europea<\/strong>&#8220;), \u00e8 il database europeo delle impronte digitali per i richiedenti asilo politico e per coloro che entrano o soggiornano irregolarmente nel territorio dell&#8217;Unione Europea.<\/p><p>Il sistema garantisce:<\/p>\t\t\t\t\t\t\t\t<\/div>\n\t\t\t\t<\/div>\n\t\t\t\t<div class=\"elementor-element elementor-element-1726ceb sistemo-listati elementor-icon-list--layout-traditional elementor-list-item-link-full_width elementor-widget elementor-widget-icon-list\" data-id=\"1726ceb\" data-element_type=\"widget\" data-e-type=\"widget\" data-widget_type=\"icon-list.default\">\n\t\t\t\t<div class=\"elementor-widget-container\">\n\t\t\t\t\t\t\t<ul class=\"elementor-icon-list-items\">\n\t\t\t\t\t\t\t<li class=\"elementor-icon-list-item\">\n\t\t\t\t\t\t\t\t\t\t\t<span class=\"elementor-icon-list-icon\">\n\t\t\t\t\t\t\t<svg aria-hidden=\"true\" class=\"e-font-icon-svg e-fas-check\" viewBox=\"0 0 512 512\" xmlns=\"http:\/\/www.w3.org\/2000\/svg\"><path d=\"M173.898 439.404l-166.4-166.4c-9.997-9.997-9.997-26.206 0-36.204l36.203-36.204c9.997-9.998 26.207-9.998 36.204 0L192 312.69 432.095 72.596c9.997-9.997 26.207-9.997 36.204 0l36.203 36.204c9.997 9.997 9.997 26.206 0 36.204l-294.4 294.401c-9.998 9.997-26.207 9.997-36.204-.001z\"><\/path><\/svg>\t\t\t\t\t\t<\/span>\n\t\t\t\t\t\t\t\t\t\t<span class=\"elementor-icon-list-text\">una maggiore <strong>velocit\u00e0 nell\u2019identificazione<\/strong> dei migranti e nel rilascio di nuovi documenti ai medesimi;<\/span>\n\t\t\t\t\t\t\t\t\t<\/li>\n\t\t\t\t\t\t\t\t<li class=\"elementor-icon-list-item\">\n\t\t\t\t\t\t\t\t\t\t\t<span class=\"elementor-icon-list-icon\">\n\t\t\t\t\t\t\t<svg aria-hidden=\"true\" class=\"e-font-icon-svg e-fas-check\" viewBox=\"0 0 512 512\" xmlns=\"http:\/\/www.w3.org\/2000\/svg\"><path d=\"M173.898 439.404l-166.4-166.4c-9.997-9.997-9.997-26.206 0-36.204l36.203-36.204c9.997-9.998 26.207-9.998 36.204 0L192 312.69 432.095 72.596c9.997-9.997 26.207-9.997 36.204 0l36.203 36.204c9.997 9.997 9.997 26.206 0 36.204l-294.4 294.401c-9.998 9.997-26.207 9.997-36.204-.001z\"><\/path><\/svg>\t\t\t\t\t\t<\/span>\n\t\t\t\t\t\t\t\t\t\t<span class=\"elementor-icon-list-text\">una pi\u00f9 <strong>accurata valutazione del rischio di fuga<\/strong> (aumentando cos\u00ec l'efficacia e la rapidit\u00e0 delle procedure di rimpatrio e riammissione);<\/span>\n\t\t\t\t\t\t\t\t\t<\/li>\n\t\t\t\t\t\t\t\t<li class=\"elementor-icon-list-item\">\n\t\t\t\t\t\t\t\t\t\t\t<span class=\"elementor-icon-list-icon\">\n\t\t\t\t\t\t\t<svg aria-hidden=\"true\" class=\"e-font-icon-svg e-fas-check\" viewBox=\"0 0 512 512\" xmlns=\"http:\/\/www.w3.org\/2000\/svg\"><path d=\"M173.898 439.404l-166.4-166.4c-9.997-9.997-9.997-26.206 0-36.204l36.203-36.204c9.997-9.998 26.207-9.998 36.204 0L192 312.69 432.095 72.596c9.997-9.997 26.207-9.997 36.204 0l36.203 36.204c9.997 9.997 9.997 26.206 0 36.204l-294.4 294.401c-9.998 9.997-26.207 9.997-36.204-.001z\"><\/path><\/svg>\t\t\t\t\t\t<\/span>\n\t\t\t\t\t\t\t\t\t\t<span class=\"elementor-icon-list-text\">una maggiore <strong>facilit\u00e0 nel rintracciare<\/strong> i migranti in <strong>posizione irregolare<\/strong> nel territorio UE.<\/span>\n\t\t\t\t\t\t\t\t\t<\/li>\n\t\t\t\t\t\t<\/ul>\n\t\t\t\t\t\t<\/div>\n\t\t\t\t<\/div>\n\t\t\t\t<div class=\"elementor-element elementor-element-c89b548 elementor-widget elementor-widget-heading\" data-id=\"c89b548\" data-element_type=\"widget\" data-e-type=\"widget\" data-widget_type=\"heading.default\">\n\t\t\t\t<div class=\"elementor-widget-container\">\n\t\t\t\t\t<h2 class=\"elementor-heading-title elementor-size-default\">La \"mission\" dell\u2019UE in materia di migranti<\/h2>\t\t\t\t<\/div>\n\t\t\t\t<\/div>\n\t\t\t\t<div class=\"elementor-element elementor-element-23b8e1e elementor-widget elementor-widget-text-editor\" data-id=\"23b8e1e\" data-element_type=\"widget\" data-e-type=\"widget\" data-widget_type=\"text-editor.default\">\n\t\t\t\t<div class=\"elementor-widget-container\">\n\t\t\t\t\t\t\t\t\t<p>L\u2019UE ha rinforzato l\u2019azione di sorveglianza alle frontiere esterne, con lo scopo di sostenere gli Stati membri pi\u00f9 esposti ai flussi migratori. Questa <em>mission<\/em> europea si \u00e8 tradotta in <strong>azioni dettate<\/strong> soprattutto <strong>da preoccupazioni umanitarie<\/strong>.<\/p><p>In conformit\u00e0 al diritto internazionale, sono state adottate misure specifiche per individuare e fermare eventuali imbarcazioni sospette che possano essere collegate alla tratta di essere umani.<\/p><p>I viaggi dal Paese di origine, attraverso il Mediterraneo, verso un\u2019ipotetica \u201coasi di salvezza\u201d, ancora oggi vengono affrontati in condizioni precarie. Durante la traversata ogni migrante ha la consapevolezza del rischio di poter perdere la vita. Per contrastare il traffico dei migranti, l&#8217;Unione ha intrapreso diverse azioni: per esempio nel 2016 ha istituito il <b>c<\/b><strong>entro europeo contro il traffico di migranti,<\/strong> con l&#8217;obiettivo di aiutare gli Stati membri a reprimere il traffico di migranti.<\/p><p>Sempre in quest\u2019ottica, si ricordi la <strong>riforma del quadro giuridico di <a href=\"https:\/\/frontex.europa.eu\/\" target=\"_blank\" rel=\"noopener nofollow\">Frontex<\/a><\/strong>, un&#8217;agenzia dell&#8217;Unione Europea, nata nel 2005 e con sede a Varsavia. Si tratta di un organo specializzato e indipendente che ha il compito di coordinare la cooperazione fra gli Stati membri nel settore del controllo delle frontiere.\u00a0<\/p><p>Con la riforma, il Frontex cambia denominazione divenendo <strong>l\u2019Agenzia della guardia di frontiera e costiera europea<\/strong> e acquisisce anche maggiori poteri. Di recente, la Commissione Europea ha proposto un ulteriore rafforzamento dell&#8217;Agenzia, mediante <strong>l\u2019istituzione di un corpo permanente fino a 10 mila guardie<\/strong> di frontiera entro il 2020 (termine che probabilmente sar\u00e0 prolungato al 2027).<\/p><p>Il <strong>filo conduttore<\/strong> delle azioni intraprese dall\u2019Unione sembra essere quindi connesso alla necessit\u00e0 di far rispettare i diritti umani di coloro che scappano dal proprio Paese cercando un rifugio sicuro all\u2019interno dei confini europei.<\/p>\t\t\t\t\t\t\t\t<\/div>\n\t\t\t\t<\/div>\n\t\t\t\t<div class=\"elementor-element elementor-element-74f576f elementor-widget elementor-widget-image\" data-id=\"74f576f\" data-element_type=\"widget\" data-e-type=\"widget\" data-widget_type=\"image.default\">\n\t\t\t\t<div class=\"elementor-widget-container\">\n\t\t\t\t\t\t\t\t\t\t\t\t\t\t\t<img decoding=\"async\" width=\"780\" height=\"288\" src=\"https:\/\/media.e-medine.org\/e-medine.org\/wp-content\/uploads\/2019\/09\/statistiche-immigrazioni-2019.jpg\" class=\"attachment-full size-full wp-image-590\" alt=\"\" srcset=\"https:\/\/media.e-medine.org\/e-medine.org\/wp-content\/uploads\/2019\/09\/statistiche-immigrazioni-2019.jpg 780w, https:\/\/media.e-medine.org\/e-medine.org\/wp-content\/uploads\/2019\/09\/statistiche-immigrazioni-2019-300x111.jpg 300w, https:\/\/media.e-medine.org\/e-medine.org\/wp-content\/uploads\/2019\/09\/statistiche-immigrazioni-2019-768x284.jpg 768w\" sizes=\"(max-width: 780px) 100vw, 780px\" \/>\t\t\t\t\t\t\t\t\t\t\t\t\t\t\t<\/div>\n\t\t\t\t<\/div>\n\t\t\t\t<div class=\"elementor-element elementor-element-5ebd6ae elementor-widget elementor-widget-heading\" data-id=\"5ebd6ae\" data-element_type=\"widget\" data-e-type=\"widget\" data-widget_type=\"heading.default\">\n\t\t\t\t<div class=\"elementor-widget-container\">\n\t\t\t\t\t<h2 class=\"elementor-heading-title elementor-size-default\">Riflessioni conclusive<\/h2>\t\t\t\t<\/div>\n\t\t\t\t<\/div>\n\t\t\t\t<div class=\"elementor-element elementor-element-af3154f elementor-widget elementor-widget-text-editor\" data-id=\"af3154f\" data-element_type=\"widget\" data-e-type=\"widget\" data-widget_type=\"text-editor.default\">\n\t\t\t\t<div class=\"elementor-widget-container\">\n\t\t\t\t\t\t\t\t\t<p>Il <strong>fenomeno<\/strong> delle migrazioni di massa \u00e8 <strong>molto complesso<\/strong>, come abbiamo avuto modo di vedere. Diverse possono essere le<strong> cause<\/strong> che spingono migliaia di persone ad abbandonare la propria terra. Spesso i motivi principali riguardano storie di <strong>guerre e conflitti<\/strong>, <strong>assenza di lavoro<\/strong> e problemi di <strong>discriminazione politica o sociale<\/strong>.<\/p><p>Adottare un\u2019unica linea d\u2019azione non \u00e8 n\u00e9 semplice n\u00e9 facile, poich\u00e9 molte politiche europee per l\u2019immigrazione risultano ancora acerbe e<strong> condizionate\u00a0dalle legislazioni nazionali<\/strong>. Ci\u00f2 si traduce spesso in soluzioni non adatte per affrontare un fenomeno di tale portata e complessit\u00e0. Il tema dell\u2019immigrazione andrebbe altres\u00ec affrontato con una strategia comune, che affronti altre problematiche, come la sicurezza e il rispetto dei diritti umani.<\/p><p><b>O<\/b><strong>norare i nostri impegni internazionali<\/strong> e tener fede ai valori dell\u2019Unione, senza trascurare la protezione delle nostre frontiere, implica trovare finalmente un equilibrio. Questo equilibrio pu\u00f2 essere trovato solo con un <strong>intervento coordinato a livello europeo<\/strong>. L\u2019UE dovrebbe perci\u00f2 riaffermare il suo ruolo, nella scelta delle azioni d&#8217;adottare.<\/p>\t\t\t\t\t\t\t\t<\/div>\n\t\t\t\t<\/div>\n\t\t\t\t\t<\/div>\n\t\t<\/div>\n\t\t\t\t\t<\/div>\n\t\t<\/section>\n\t\t\t\t<\/div>\n\t\t","protected":false},"excerpt":{"rendered":"<p>Le politiche europee sull\u2019immigrazione sono governate dal principio di solidariet\u00e0 ed equa ripartizione della responsabilit\u00e0 fra gli Stati membri, anche sul piano finanziario. Infatti, l\u2019attuazione di una politica migratoria lungimirante e globale rappresenta, ad oggi, un obiettivo fondamentale per l&#8217;Unione Europea (UE). L&#8217;UE tratta i problemi legati all&#8217;immigrazione nel quadro del pi\u00f9 ampio settore \u201clibert\u00e0, [&hellip;]<\/p>\n","protected":false},"author":8,"featured_media":4221,"comment_status":"closed","ping_status":"closed","sticky":false,"template":"","format":"standard","meta":{"site-sidebar-layout":"default","site-content-layout":"default","ast-site-content-layout":"default","site-content-style":"default","site-sidebar-style":"default","ast-global-header-display":"","ast-banner-title-visibility":"","ast-main-header-display":"","ast-hfb-above-header-display":"","ast-hfb-below-header-display":"","ast-hfb-mobile-header-display":"","site-post-title":"","ast-breadcrumbs-content":"","ast-featured-img":"","footer-sml-layout":"","ast-disable-related-posts":"","theme-transparent-header-meta":"default","adv-header-id-meta":"","stick-header-meta":"","header-above-stick-meta":"","header-main-stick-meta":"","header-below-stick-meta":"","astra-migrate-meta-layouts":"set","ast-page-background-enabled":"default","ast-page-background-meta":{"desktop":{"background-color":"","background-image":"","background-repeat":"repeat","background-position":"center center","background-size":"auto","background-attachment":"scroll","background-type":"","background-media":"","overlay-type":"","overlay-color":"","overlay-opacity":"","overlay-gradient":""},"tablet":{"background-color":"","background-image":"","background-repeat":"repeat","background-position":"center center","background-size":"auto","background-attachment":"scroll","background-type":"","background-media":"","overlay-type":"","overlay-color":"","overlay-opacity":"","overlay-gradient":""},"mobile":{"background-color":"","background-image":"","background-repeat":"repeat","background-position":"center center","background-size":"auto","background-attachment":"scroll","background-type":"","background-media":"","overlay-type":"","overlay-color":"","overlay-opacity":"","overlay-gradient":""}},"ast-content-background-meta":{"desktop":{"background-color":"var(--ast-global-color-5)","background-image":"","background-repeat":"repeat","background-position":"center center","background-size":"auto","background-attachment":"scroll","background-type":"","background-media":"","overlay-type":"","overlay-color":"","overlay-opacity":"","overlay-gradient":""},"tablet":{"background-color":"var(--ast-global-color-5)","background-image":"","background-repeat":"repeat","background-position":"center center","background-size":"auto","background-attachment":"scroll","background-type":"","background-media":"","overlay-type":"","overlay-color":"","overlay-opacity":"","overlay-gradient":""},"mobile":{"background-color":"var(--ast-global-color-5)","background-image":"","background-repeat":"repeat","background-position":"center center","background-size":"auto","background-attachment":"scroll","background-type":"","background-media":"","overlay-type":"","overlay-color":"","overlay-opacity":"","overlay-gradient":""}},"footnotes":""},"categories":[144],"tags":[],"class_list":["post-584","post","type-post","status-publish","format-standard","has-post-thumbnail","hentry","category-temi-sociali"],"_links":{"self":[{"href":"https:\/\/e-medine.org\/it\/wp-json\/wp\/v2\/posts\/584","targetHints":{"allow":["GET"]}}],"collection":[{"href":"https:\/\/e-medine.org\/it\/wp-json\/wp\/v2\/posts"}],"about":[{"href":"https:\/\/e-medine.org\/it\/wp-json\/wp\/v2\/types\/post"}],"author":[{"embeddable":true,"href":"https:\/\/e-medine.org\/it\/wp-json\/wp\/v2\/users\/8"}],"replies":[{"embeddable":true,"href":"https:\/\/e-medine.org\/it\/wp-json\/wp\/v2\/comments?post=584"}],"version-history":[{"count":70,"href":"https:\/\/e-medine.org\/it\/wp-json\/wp\/v2\/posts\/584\/revisions"}],"predecessor-version":[{"id":4223,"href":"https:\/\/e-medine.org\/it\/wp-json\/wp\/v2\/posts\/584\/revisions\/4223"}],"wp:featuredmedia":[{"embeddable":true,"href":"https:\/\/e-medine.org\/it\/wp-json\/wp\/v2\/media\/4221"}],"wp:attachment":[{"href":"https:\/\/e-medine.org\/it\/wp-json\/wp\/v2\/media?parent=584"}],"wp:term":[{"taxonomy":"category","embeddable":true,"href":"https:\/\/e-medine.org\/it\/wp-json\/wp\/v2\/categories?post=584"},{"taxonomy":"post_tag","embeddable":true,"href":"https:\/\/e-medine.org\/it\/wp-json\/wp\/v2\/tags?post=584"}],"curies":[{"name":"wp","href":"https:\/\/api.w.org\/{rel}","templated":true}]}}