{"id":4231,"date":"2023-11-21T09:39:01","date_gmt":"2023-11-21T08:39:01","guid":{"rendered":"https:\/\/e-medine.org\/?p=4231"},"modified":"2023-11-21T10:19:03","modified_gmt":"2023-11-21T09:19:03","slug":"inclusione-sociale-e-dinamiche-interculturali-ue","status":"publish","type":"post","link":"https:\/\/e-medine.org\/it\/inclusione-sociale-e-dinamiche-interculturali-ue\/","title":{"rendered":"Inclusione sociale e dinamiche interculturali: scopri le azioni e i programmi UE pi\u00f9 rilevanti"},"content":{"rendered":"\t\t<div data-elementor-type=\"wp-post\" data-elementor-id=\"4231\" class=\"elementor elementor-4231\" data-elementor-post-type=\"post\">\n\t\t\t\t\t\t<section class=\"elementor-section elementor-top-section elementor-element elementor-element-b06a75d elementor-section-boxed elementor-section-height-default elementor-section-height-default\" data-id=\"b06a75d\" data-element_type=\"section\" data-e-type=\"section\">\n\t\t\t\t\t\t<div class=\"elementor-container elementor-column-gap-no\">\n\t\t\t\t\t<div class=\"elementor-column elementor-col-100 elementor-top-column elementor-element elementor-element-a8bb48b\" data-id=\"a8bb48b\" data-element_type=\"column\" data-e-type=\"column\">\n\t\t\t<div class=\"elementor-widget-wrap elementor-element-populated\">\n\t\t\t\t\t\t<div class=\"elementor-element elementor-element-78aaf3f elementor-widget elementor-widget-text-editor\" data-id=\"78aaf3f\" data-element_type=\"widget\" data-e-type=\"widget\" data-widget_type=\"text-editor.default\">\n\t\t\t\t<div class=\"elementor-widget-container\">\n\t\t\t\t\t\t\t\t\t<p>In un\u2019epoca caratterizzata dall\u2019interconnessione globale, valori come <strong>inclusione sociale e<\/strong> <strong>dinamiche interculturali<\/strong>, parit\u00e0 di genere e tolleranza religiosa rappresentano temi cruciali per l\u2019agenda europea.<\/p><p>L\u2019<strong>Unione Europea <\/strong>(<strong>UE<\/strong>), che comprende <strong>27 Stati membri<\/strong> e conta pi\u00f9 di <strong>450 milioni di cittadini<\/strong> di diverse origini, religioni, tradizioni e identit\u00e0, s\u2019impegna attivamente per promuovere i predetti valori dentro e fuori i suoi confini.<\/p><p>A breve vedremo quali sono le azioni e i programmi che l\u2019UE ha intrapreso per favorire inclusione sociale e dinamiche interculturali. Continua a leggere.<\/p>\t\t\t\t\t\t\t\t<\/div>\n\t\t\t\t<\/div>\n\t\t\t\t<div class=\"elementor-element elementor-element-1b0004d elementor-toc--minimized-on-tablet elementor-widget elementor-widget-table-of-contents\" data-id=\"1b0004d\" data-element_type=\"widget\" data-e-type=\"widget\" data-settings=\"{&quot;headings_by_tags&quot;:[&quot;h2&quot;,&quot;h3&quot;,&quot;h4&quot;],&quot;exclude_headings_by_selector&quot;:[],&quot;marker_view&quot;:&quot;numbers&quot;,&quot;no_headings_message&quot;:&quot;No headings were found on this page.&quot;,&quot;minimize_box&quot;:&quot;yes&quot;,&quot;minimized_on&quot;:&quot;tablet&quot;,&quot;hierarchical_view&quot;:&quot;yes&quot;,&quot;min_height&quot;:{&quot;unit&quot;:&quot;px&quot;,&quot;size&quot;:&quot;&quot;,&quot;sizes&quot;:[]},&quot;min_height_tablet&quot;:{&quot;unit&quot;:&quot;px&quot;,&quot;size&quot;:&quot;&quot;,&quot;sizes&quot;:[]},&quot;min_height_mobile&quot;:{&quot;unit&quot;:&quot;px&quot;,&quot;size&quot;:&quot;&quot;,&quot;sizes&quot;:[]}}\" data-widget_type=\"table-of-contents.default\">\n\t\t\t\t<div class=\"elementor-widget-container\">\n\t\t\t\t\t\t\t\t\t<div class=\"elementor-toc__header\">\n\t\t\t\t\t\t<h4 class=\"elementor-toc__header-title\">\n\t\t\t\tIndice dei contenuti\t\t\t<\/h4>\n\t\t\t\t\t\t\t\t\t\t<div class=\"elementor-toc__toggle-button elementor-toc__toggle-button--expand\" role=\"button\" tabindex=\"0\" aria-controls=\"elementor-toc__1b0004d\" aria-expanded=\"true\" aria-label=\"Open table of contents\"><svg aria-hidden=\"true\" class=\"e-font-icon-svg e-fas-chevron-down\" viewBox=\"0 0 448 512\" xmlns=\"http:\/\/www.w3.org\/2000\/svg\"><path d=\"M207.029 381.476L12.686 187.132c-9.373-9.373-9.373-24.569 0-33.941l22.667-22.667c9.357-9.357 24.522-9.375 33.901-.04L224 284.505l154.745-154.021c9.379-9.335 24.544-9.317 33.901.04l22.667 22.667c9.373 9.373 9.373 24.569 0 33.941L240.971 381.476c-9.373 9.372-24.569 9.372-33.942 0z\"><\/path><\/svg><\/div>\n\t\t\t\t<div class=\"elementor-toc__toggle-button elementor-toc__toggle-button--collapse\" role=\"button\" tabindex=\"0\" aria-controls=\"elementor-toc__1b0004d\" aria-expanded=\"true\" aria-label=\"Close table of contents\"><svg aria-hidden=\"true\" class=\"e-font-icon-svg e-fas-chevron-up\" viewBox=\"0 0 448 512\" xmlns=\"http:\/\/www.w3.org\/2000\/svg\"><path d=\"M240.971 130.524l194.343 194.343c9.373 9.373 9.373 24.569 0 33.941l-22.667 22.667c-9.357 9.357-24.522 9.375-33.901.04L224 227.495 69.255 381.516c-9.379 9.335-24.544 9.317-33.901-.04l-22.667-22.667c-9.373-9.373-9.373-24.569 0-33.941L207.03 130.525c9.372-9.373 24.568-9.373 33.941-.001z\"><\/path><\/svg><\/div>\n\t\t\t\t\t<\/div>\n\t\t\t\t<div id=\"elementor-toc__1b0004d\" class=\"elementor-toc__body\">\n\t\t\t<div class=\"elementor-toc__spinner-container\">\n\t\t\t\t<svg class=\"elementor-toc__spinner eicon-animation-spin e-font-icon-svg e-eicon-loading\" aria-hidden=\"true\" viewBox=\"0 0 1000 1000\" xmlns=\"http:\/\/www.w3.org\/2000\/svg\"><path d=\"M500 975V858C696 858 858 696 858 500S696 142 500 142 142 304 142 500H25C25 237 238 25 500 25S975 237 975 500 763 975 500 975Z\"><\/path><\/svg>\t\t\t<\/div>\n\t\t<\/div>\n\t\t\t\t\t\t<\/div>\n\t\t\t\t<\/div>\n\t\t\t\t<div class=\"elementor-element elementor-element-ac31232 elementor-widget elementor-widget-heading\" data-id=\"ac31232\" data-element_type=\"widget\" data-e-type=\"widget\" data-widget_type=\"heading.default\">\n\t\t\t\t<div class=\"elementor-widget-container\">\n\t\t\t\t\t<h2 class=\"elementor-heading-title elementor-size-default\">Inclusione sociale e dinamiche interculturali: due concetti chiave<\/h2>\t\t\t\t<\/div>\n\t\t\t\t<\/div>\n\t\t\t\t<div class=\"elementor-element elementor-element-9b17504 elementor-widget elementor-widget-text-editor\" data-id=\"9b17504\" data-element_type=\"widget\" data-e-type=\"widget\" data-widget_type=\"text-editor.default\">\n\t\t\t\t<div class=\"elementor-widget-container\">\n\t\t\t\t\t\t\t\t\t<p>Il concetto d\u2019<strong>inclusione sociale <\/strong>va oltre il semplice accesso ai diritti fondamentali: si tratta di garantire che ogni individuo sia in grado di partecipare pienamente alla societ\u00e0 in cui vive, indipendentemente da etnia, genere, religione, orientamento sessuale o condizione economica.<\/p><p>Le <strong>dinamiche interculturali<\/strong>, invece, riguardano l\u2019integrazione tra persone di culture diverse che entrano in contatto tra loro e interagiscono, scambiandosi esperienze, valori, conoscenze e modi di vivere.<\/p><p>Inclusione sociale e dinamiche interculturali sono due concetti chiave strettamente legati, in quanto l\u2019inclusione sociale richiede il riconoscimento e il rispetto della diversit\u00e0 culturale, mentre le dinamiche interculturali favoriscono la costruzione di una societ\u00e0 pi\u00f9 aperta, solidale e democratica.<\/p><p>Per realizzare una vera inclusione sociale e una convivenza armoniosa tra le culture non basta per\u00f2 tollerare o accettare le differenze, ma occorre promuovere il dialogo, la cooperazione, la partecipazione e la cittadinanza attiva.<\/p>\t\t\t\t\t\t\t\t<\/div>\n\t\t\t\t<\/div>\n\t\t\t\t<div class=\"elementor-element elementor-element-827d679 elementor-widget elementor-widget-image\" data-id=\"827d679\" data-element_type=\"widget\" data-e-type=\"widget\" data-widget_type=\"image.default\">\n\t\t\t\t<div class=\"elementor-widget-container\">\n\t\t\t\t\t\t\t\t\t\t\t\t\t\t\t<img fetchpriority=\"high\" decoding=\"async\" width=\"1401\" height=\"761\" src=\"https:\/\/media.e-medine.org\/e-medine.org\/wp-content\/uploads\/2023\/11\/Inclusione-sociale-e-dinamiche-interculturali-2-IT.jpg\" class=\"attachment-full size-full wp-image-4237\" alt=\"inclusione sociale e dinamiche interculturali\" srcset=\"https:\/\/media.e-medine.org\/e-medine.org\/wp-content\/uploads\/2023\/11\/Inclusione-sociale-e-dinamiche-interculturali-2-IT.jpg 1401w, https:\/\/media.e-medine.org\/e-medine.org\/wp-content\/uploads\/2023\/11\/Inclusione-sociale-e-dinamiche-interculturali-2-IT-300x163.jpg 300w, https:\/\/media.e-medine.org\/e-medine.org\/wp-content\/uploads\/2023\/11\/Inclusione-sociale-e-dinamiche-interculturali-2-IT-1024x556.jpg 1024w, https:\/\/media.e-medine.org\/e-medine.org\/wp-content\/uploads\/2023\/11\/Inclusione-sociale-e-dinamiche-interculturali-2-IT-768x417.jpg 768w\" sizes=\"(max-width: 1401px) 100vw, 1401px\" \/>\t\t\t\t\t\t\t\t\t\t\t\t\t\t\t<\/div>\n\t\t\t\t<\/div>\n\t\t\t\t<div class=\"elementor-element elementor-element-4d67244 elementor-widget elementor-widget-heading\" data-id=\"4d67244\" data-element_type=\"widget\" data-e-type=\"widget\" data-widget_type=\"heading.default\">\n\t\t\t\t<div class=\"elementor-widget-container\">\n\t\t\t\t\t<h2 class=\"elementor-heading-title elementor-size-default\">Inclusione sociale e dinamiche interculturali all\u2019interno dell\u2019Unione Europea: le politiche pi\u00f9 rilevanti<\/h2>\t\t\t\t<\/div>\n\t\t\t\t<\/div>\n\t\t\t\t<div class=\"elementor-element elementor-element-b4f6971 elementor-widget elementor-widget-text-editor\" data-id=\"b4f6971\" data-element_type=\"widget\" data-e-type=\"widget\" data-widget_type=\"text-editor.default\">\n\t\t\t\t<div class=\"elementor-widget-container\">\n\t\t\t\t\t\t\t\t\t<p>L\u2019<strong>UE<\/strong>, oltre ad essere un esempio d\u2019integrazione politica ed economica, promuove inclusione sociale e dinamiche interculturali attraverso una serie di politiche e programmi, che vanno dal sostegno all\u2019istruzione e all\u2019occupazione, fino alla lotta contro la discriminazione.<\/p><p>Tra le politiche pi\u00f9 rilevanti possiamo citare:<\/p>\t\t\t\t\t\t\t\t<\/div>\n\t\t\t\t<\/div>\n\t\t\t\t<div class=\"elementor-element elementor-element-afe5592 elementor-widget elementor-widget-heading\" data-id=\"afe5592\" data-element_type=\"widget\" data-e-type=\"widget\" data-widget_type=\"heading.default\">\n\t\t\t\t<div class=\"elementor-widget-container\">\n\t\t\t\t\t<h3 class=\"elementor-heading-title elementor-size-default\">1. La Carta dei diritti fondamentali dell\u2019Unione Europea<\/h3>\t\t\t\t<\/div>\n\t\t\t\t<\/div>\n\t\t\t\t<div class=\"elementor-element elementor-element-c6eb31c elementor-widget elementor-widget-text-editor\" data-id=\"c6eb31c\" data-element_type=\"widget\" data-e-type=\"widget\" data-widget_type=\"text-editor.default\">\n\t\t\t\t<div class=\"elementor-widget-container\">\n\t\t\t\t\t\t\t\t\t<p>La <a href=\"https:\/\/www.europarl.europa.eu\/charter\/pdf\/text_it.pdf\" target=\"_blank\" rel=\"noopener\"><strong>Carta dei diritti fondamentali dell\u2019Unione Europea<\/strong><\/a> sancisce il diritto alla non discriminazione, alla dignit\u00e0, alla libert\u00e0, alla solidariet\u00e0, alla giustizia e alla cittadinanza e vincola le istituzioni e gli Stati membri dell\u2019UE al rispetto dei diritti umani.<\/p>\t\t\t\t\t\t\t\t<\/div>\n\t\t\t\t<\/div>\n\t\t\t\t<div class=\"elementor-element elementor-element-5f0918e elementor-widget elementor-widget-heading\" data-id=\"5f0918e\" data-element_type=\"widget\" data-e-type=\"widget\" data-widget_type=\"heading.default\">\n\t\t\t\t<div class=\"elementor-widget-container\">\n\t\t\t\t\t<h3 class=\"elementor-heading-title elementor-size-default\">2. Il Fondo sociale europeo (FSE)<\/h3>\t\t\t\t<\/div>\n\t\t\t\t<\/div>\n\t\t\t\t<div class=\"elementor-element elementor-element-53c33c6 elementor-widget elementor-widget-text-editor\" data-id=\"53c33c6\" data-element_type=\"widget\" data-e-type=\"widget\" data-widget_type=\"text-editor.default\">\n\t\t\t\t<div class=\"elementor-widget-container\">\n\t\t\t\t\t\t\t\t\t<p>Il <strong>Fondo sociale europeo<\/strong> finanzia progetti e azioni per migliorare l\u2019occupazione, l\u2019istruzione, la formazione e l\u2019inclusione dei cittadini europei, in particolare dei gruppi pi\u00f9 vulnerabili e svantaggiati.<\/p>\t\t\t\t\t\t\t\t<\/div>\n\t\t\t\t<\/div>\n\t\t\t\t<div class=\"elementor-element elementor-element-45323fe elementor-widget elementor-widget-heading\" data-id=\"45323fe\" data-element_type=\"widget\" data-e-type=\"widget\" data-widget_type=\"heading.default\">\n\t\t\t\t<div class=\"elementor-widget-container\">\n\t\t\t\t\t<h3 class=\"elementor-heading-title elementor-size-default\">3. Il programma Erasmus+<\/h3>\t\t\t\t<\/div>\n\t\t\t\t<\/div>\n\t\t\t\t<div class=\"elementor-element elementor-element-fde51e3 elementor-widget elementor-widget-text-editor\" data-id=\"fde51e3\" data-element_type=\"widget\" data-e-type=\"widget\" data-widget_type=\"text-editor.default\">\n\t\t\t\t<div class=\"elementor-widget-container\">\n\t\t\t\t\t\t\t\t\t<p>Il programma <strong>Erasmus+<\/strong> offre opportunit\u00e0 di mobilit\u00e0, apprendimento, cooperazione e dialogo tra studenti, docenti, giovani, volontari, organizzazioni e istituzioni di diversi Paesi europei e extra-europei, con l\u2019obiettivo di promuovere la cittadinanza europea, la diversit\u00e0 culturale e l\u2019inclusione sociale.<\/p>\t\t\t\t\t\t\t\t<\/div>\n\t\t\t\t<\/div>\n\t\t\t\t<div class=\"elementor-element elementor-element-29a3077 elementor-widget elementor-widget-heading\" data-id=\"29a3077\" data-element_type=\"widget\" data-e-type=\"widget\" data-widget_type=\"heading.default\">\n\t\t\t\t<div class=\"elementor-widget-container\">\n\t\t\t\t\t<h3 class=\"elementor-heading-title elementor-size-default\">4. Il programma Europa Creativa<\/h3>\t\t\t\t<\/div>\n\t\t\t\t<\/div>\n\t\t\t\t<div class=\"elementor-element elementor-element-f7b1b2a elementor-widget elementor-widget-text-editor\" data-id=\"f7b1b2a\" data-element_type=\"widget\" data-e-type=\"widget\" data-widget_type=\"text-editor.default\">\n\t\t\t\t<div class=\"elementor-widget-container\">\n\t\t\t\t\t\t\t\t\t<p>Il programma <a href=\"https:\/\/e-medine.org\/it\/eu-direct\/industrie-culturali-creative-opportunita\/\"><strong>Europa Creativa<\/strong><\/a> sostiene il settore culturale e creativo, promuovendo la diversit\u00e0 culturale, il dialogo interculturale, la cittadinanza europea e la competitivit\u00e0.<\/p>\t\t\t\t\t\t\t\t<\/div>\n\t\t\t\t<\/div>\n\t\t\t\t<div class=\"elementor-element elementor-element-ebf5544 elementor-widget elementor-widget-heading\" data-id=\"ebf5544\" data-element_type=\"widget\" data-e-type=\"widget\" data-widget_type=\"heading.default\">\n\t\t\t\t<div class=\"elementor-widget-container\">\n\t\t\t\t\t<h3 class=\"elementor-heading-title elementor-size-default\">5. Il programma Cittadini, uguaglianza, diritti e valori<\/h3>\t\t\t\t<\/div>\n\t\t\t\t<\/div>\n\t\t\t\t<div class=\"elementor-element elementor-element-75cc58d elementor-widget elementor-widget-text-editor\" data-id=\"75cc58d\" data-element_type=\"widget\" data-e-type=\"widget\" data-widget_type=\"text-editor.default\">\n\t\t\t\t<div class=\"elementor-widget-container\">\n\t\t\t\t\t\t\t\t\t<p>Il programma <strong>Cittadini, uguaglianza, diritti e valori<\/strong> finanzia progetti e azioni che mirano a promuovere e proteggere i diritti fondamentali, la parit\u00e0 di genere, la non discriminazione, la giustizia e la cittadinanza attiva.<\/p>\t\t\t\t\t\t\t\t<\/div>\n\t\t\t\t<\/div>\n\t\t\t\t<div class=\"elementor-element elementor-element-b1277e4 elementor-widget elementor-widget-heading\" data-id=\"b1277e4\" data-element_type=\"widget\" data-e-type=\"widget\" data-widget_type=\"heading.default\">\n\t\t\t\t<div class=\"elementor-widget-container\">\n\t\t\t\t\t<h2 class=\"elementor-heading-title elementor-size-default\">Parit\u00e0 di genere<\/h2>\t\t\t\t<\/div>\n\t\t\t\t<\/div>\n\t\t\t\t<div class=\"elementor-element elementor-element-8fe0294 elementor-widget elementor-widget-text-editor\" data-id=\"8fe0294\" data-element_type=\"widget\" data-e-type=\"widget\" data-widget_type=\"text-editor.default\">\n\t\t\t\t<div class=\"elementor-widget-container\">\n\t\t\t\t\t\t\t\t\t<p>La <strong>parit\u00e0 di genere<\/strong> \u00e8 un fattore chiave per l\u2019inclusione sociale e le dinamiche interculturali. \u00c8 un diritto fondamentale, sancito dalla <a href=\"https:\/\/www.senato.it\/application\/xmanager\/projects\/leg18\/file\/DICHIARAZIONE_diritti_umani_4lingue.pdf\" rel=\"nofollow noopener\" target=\"_blank\"><strong>Dichiarazione universale dei diritti umani<\/strong><\/a>, secondo cui le persone ricevono pari trattamenti, con uguale facilit\u00e0 di accesso a risorse e opportunit\u00e0, indipendentemente dal loro genere.<\/p><p>La parit\u00e0 di genere, infatti, oltre che essere un requisito indispensabile per lo sviluppo della <strong>democrazia<\/strong>, contribuisce a:<\/p>\t\t\t\t\t\t\t\t<\/div>\n\t\t\t\t<\/div>\n\t\t\t\t<div class=\"elementor-element elementor-element-c6c9972 sistemo-listati elementor-icon-list--layout-traditional elementor-list-item-link-full_width elementor-widget elementor-widget-icon-list\" data-id=\"c6c9972\" data-element_type=\"widget\" data-e-type=\"widget\" data-widget_type=\"icon-list.default\">\n\t\t\t\t<div class=\"elementor-widget-container\">\n\t\t\t\t\t\t\t<ul class=\"elementor-icon-list-items\">\n\t\t\t\t\t\t\t<li class=\"elementor-icon-list-item\">\n\t\t\t\t\t\t\t\t\t\t\t<span class=\"elementor-icon-list-icon\">\n\t\t\t\t\t\t\t<svg aria-hidden=\"true\" class=\"e-font-icon-svg e-fas-check\" viewBox=\"0 0 512 512\" xmlns=\"http:\/\/www.w3.org\/2000\/svg\"><path d=\"M173.898 439.404l-166.4-166.4c-9.997-9.997-9.997-26.206 0-36.204l36.203-36.204c9.997-9.998 26.207-9.998 36.204 0L192 312.69 432.095 72.596c9.997-9.997 26.207-9.997 36.204 0l36.203 36.204c9.997 9.997 9.997 26.206 0 36.204l-294.4 294.401c-9.998 9.997-26.207 9.997-36.204-.001z\"><\/path><\/svg>\t\t\t\t\t\t<\/span>\n\t\t\t\t\t\t\t\t\t\t<span class=\"elementor-icon-list-text\">combattere le discriminazioni, le violenze e le disuguaglianze che colpiscono le donne e le ragazze in tutto il mondo, limitando il loro accesso all\u2019istruzione, alla salute, al lavoro, alla partecipazione politica e alla cittadinanza;<\/span>\n\t\t\t\t\t\t\t\t\t<\/li>\n\t\t\t\t\t\t\t\t<li class=\"elementor-icon-list-item\">\n\t\t\t\t\t\t\t\t\t\t\t<span class=\"elementor-icon-list-icon\">\n\t\t\t\t\t\t\t<svg aria-hidden=\"true\" class=\"e-font-icon-svg e-fas-check\" viewBox=\"0 0 512 512\" xmlns=\"http:\/\/www.w3.org\/2000\/svg\"><path d=\"M173.898 439.404l-166.4-166.4c-9.997-9.997-9.997-26.206 0-36.204l36.203-36.204c9.997-9.998 26.207-9.998 36.204 0L192 312.69 432.095 72.596c9.997-9.997 26.207-9.997 36.204 0l36.203 36.204c9.997 9.997 9.997 26.206 0 36.204l-294.4 294.401c-9.998 9.997-26.207 9.997-36.204-.001z\"><\/path><\/svg>\t\t\t\t\t\t<\/span>\n\t\t\t\t\t\t\t\t\t\t<span class=\"elementor-icon-list-text\">valorizzare le competenze, le potenzialit\u00e0, le aspirazioni e i contributi delle donne e degli uomini in tutti i settori della vita sociale, economica, culturale e politica, riconoscendo la loro complementarit\u00e0 e diversit\u00e0;<\/span>\n\t\t\t\t\t\t\t\t\t<\/li>\n\t\t\t\t\t\t\t\t<li class=\"elementor-icon-list-item\">\n\t\t\t\t\t\t\t\t\t\t\t<span class=\"elementor-icon-list-icon\">\n\t\t\t\t\t\t\t<svg aria-hidden=\"true\" class=\"e-font-icon-svg e-fas-check\" viewBox=\"0 0 512 512\" xmlns=\"http:\/\/www.w3.org\/2000\/svg\"><path d=\"M173.898 439.404l-166.4-166.4c-9.997-9.997-9.997-26.206 0-36.204l36.203-36.204c9.997-9.998 26.207-9.998 36.204 0L192 312.69 432.095 72.596c9.997-9.997 26.207-9.997 36.204 0l36.203 36.204c9.997 9.997 9.997 26.206 0 36.204l-294.4 294.401c-9.998 9.997-26.207 9.997-36.204-.001z\"><\/path><\/svg>\t\t\t\t\t\t<\/span>\n\t\t\t\t\t\t\t\t\t\t<span class=\"elementor-icon-list-text\">promuovere una cultura del rispetto e della cooperazione.<\/span>\n\t\t\t\t\t\t\t\t\t<\/li>\n\t\t\t\t\t\t<\/ul>\n\t\t\t\t\t\t<\/div>\n\t\t\t\t<\/div>\n\t\t\t\t<div class=\"elementor-element elementor-element-85e49dd elementor-widget elementor-widget-text-editor\" data-id=\"85e49dd\" data-element_type=\"widget\" data-e-type=\"widget\" data-widget_type=\"text-editor.default\">\n\t\t\t\t<div class=\"elementor-widget-container\">\n\t\t\t\t\t\t\t\t\t<p>L\u2019impegno dell\u2019Unione Europea, come abbiamo visto, si traduce in azioni concrete che promuovono la parit\u00e0 tra donne e uomini, la partecipazione delle donne alla vita politica e combattano la violenza di genere.<\/p>\t\t\t\t\t\t\t\t<\/div>\n\t\t\t\t<\/div>\n\t\t\t\t<div class=\"elementor-element elementor-element-88d0cb9 elementor-widget elementor-widget-heading\" data-id=\"88d0cb9\" data-element_type=\"widget\" data-e-type=\"widget\" data-widget_type=\"heading.default\">\n\t\t\t\t<div class=\"elementor-widget-container\">\n\t\t\t\t\t<h2 class=\"elementor-heading-title elementor-size-default\">Tolleranza religiosa<\/h2>\t\t\t\t<\/div>\n\t\t\t\t<\/div>\n\t\t\t\t<div class=\"elementor-element elementor-element-d5fbb00 elementor-widget elementor-widget-text-editor\" data-id=\"d5fbb00\" data-element_type=\"widget\" data-e-type=\"widget\" data-widget_type=\"text-editor.default\">\n\t\t\t\t<div class=\"elementor-widget-container\">\n\t\t\t\t\t\t\t\t\t<p>Il <strong>dialogo interreligioso<\/strong> \u00e8 un\u2019altra delle tante dimensioni del <strong>dialogo interculturale<\/strong> e consiste nel promuovere il rispetto, la comprensione e la cooperazione tra le diverse comunit\u00e0 religiose e di credo presenti in UE e nel mondo.<\/p><p>L\u2019Unione Europea, anche in questo caso, promuove la tolleranza religiosa non solo attraverso la protezione dei diritti fondamentali, ma anche per mezzo di politiche attive e programmi d\u2019inclusione sociale.<\/p>\t\t\t\t\t\t\t\t<\/div>\n\t\t\t\t<\/div>\n\t\t\t\t<div class=\"elementor-element elementor-element-5591ead elementor-widget elementor-widget-image\" data-id=\"5591ead\" data-element_type=\"widget\" data-e-type=\"widget\" data-widget_type=\"image.default\">\n\t\t\t\t<div class=\"elementor-widget-container\">\n\t\t\t\t\t\t\t\t\t\t\t\t\t\t\t\t<a href=\"https:\/\/e-medine.org\/it\/#contatti\" target=\"_blank\">\n\t\t\t\t\t\t\t<img decoding=\"async\" width=\"1400\" height=\"760\" src=\"https:\/\/media.e-medine.org\/e-medine.org\/wp-content\/uploads\/2023\/11\/Inclusione-sociale-e-dinamiche-interculturali-3-IT.jpg\" class=\"attachment-full size-full wp-image-4240\" alt=\"inclusione sociale e dinamiche interculturali\" srcset=\"https:\/\/media.e-medine.org\/e-medine.org\/wp-content\/uploads\/2023\/11\/Inclusione-sociale-e-dinamiche-interculturali-3-IT.jpg 1400w, https:\/\/media.e-medine.org\/e-medine.org\/wp-content\/uploads\/2023\/11\/Inclusione-sociale-e-dinamiche-interculturali-3-IT-300x163.jpg 300w, https:\/\/media.e-medine.org\/e-medine.org\/wp-content\/uploads\/2023\/11\/Inclusione-sociale-e-dinamiche-interculturali-3-IT-1024x556.jpg 1024w, https:\/\/media.e-medine.org\/e-medine.org\/wp-content\/uploads\/2023\/11\/Inclusione-sociale-e-dinamiche-interculturali-3-IT-768x417.jpg 768w\" sizes=\"(max-width: 1400px) 100vw, 1400px\" \/>\t\t\t\t\t\t\t\t<\/a>\n\t\t\t\t\t\t\t\t\t\t\t\t\t\t\t<\/div>\n\t\t\t\t<\/div>\n\t\t\t\t<div class=\"elementor-element elementor-element-24d3d53 elementor-widget elementor-widget-heading\" data-id=\"24d3d53\" data-element_type=\"widget\" data-e-type=\"widget\" data-widget_type=\"heading.default\">\n\t\t\t\t<div class=\"elementor-widget-container\">\n\t\t\t\t\t<h2 class=\"elementor-heading-title elementor-size-default\">Contattaci per trovare gli strumenti per te migliori<\/h2>\t\t\t\t<\/div>\n\t\t\t\t<\/div>\n\t\t\t\t<div class=\"elementor-element elementor-element-6251850 elementor-widget elementor-widget-text-editor\" data-id=\"6251850\" data-element_type=\"widget\" data-e-type=\"widget\" data-widget_type=\"text-editor.default\">\n\t\t\t\t<div class=\"elementor-widget-container\">\n\t\t\t\t\t\t\t\t\t<p>Inclusione sociale e dinamiche interculturali sono essenziali per la pace, la democrazia, lo sviluppo e la coesione in Europa e nel mondo. L\u2019UE riconosce il ruolo fondamentale che i cittadini, le organizzazioni, le autorit\u00e0 locali e regionali, gli operatori culturali e i media possono svolgere per diffondere i valori e le pratiche dell\u2019inclusione sociale.<\/p><p>Per queste e altre ragioni, l\u2019UE li incoraggia e sostiene tramite strumenti di partecipazione, consultazione, informazione e sensibilizzazione. Per trovare lo strumento pi\u00f9 adatto alle tue esigenze, <strong>contattaci<\/strong> compilando il <strong>modulo di contatto<\/strong> qui in basso o chiamando al numero <strong>0957463250<\/strong>.<\/p><p><a href=\"https:\/\/e-medine.org\/it\/\"><strong>e-Medine<\/strong><\/a> \u00e8 con te.<\/p>\t\t\t\t\t\t\t\t<\/div>\n\t\t\t\t<\/div>\n\t\t\t\t\t<\/div>\n\t\t<\/div>\n\t\t\t\t\t<\/div>\n\t\t<\/section>\n\t\t\t\t<\/div>\n\t\t","protected":false},"excerpt":{"rendered":"<p>In un\u2019epoca caratterizzata dall\u2019interconnessione globale, valori come inclusione sociale e dinamiche interculturali, parit\u00e0 di genere e tolleranza religiosa rappresentano temi cruciali per l\u2019agenda europea. L\u2019Unione Europea (UE), che comprende 27 Stati membri e conta pi\u00f9 di 450 milioni di cittadini di diverse origini, religioni, tradizioni e identit\u00e0, s\u2019impegna attivamente per promuovere i predetti valori dentro [&hellip;]<\/p>\n","protected":false},"author":8,"featured_media":4232,"comment_status":"closed","ping_status":"closed","sticky":false,"template":"","format":"standard","meta":{"site-sidebar-layout":"default","site-content-layout":"","ast-site-content-layout":"default","site-content-style":"default","site-sidebar-style":"default","ast-global-header-display":"","ast-banner-title-visibility":"","ast-main-header-display":"","ast-hfb-above-header-display":"","ast-hfb-below-header-display":"","ast-hfb-mobile-header-display":"","site-post-title":"","ast-breadcrumbs-content":"","ast-featured-img":"","footer-sml-layout":"","ast-disable-related-posts":"","theme-transparent-header-meta":"default","adv-header-id-meta":"","stick-header-meta":"","header-above-stick-meta":"","header-main-stick-meta":"","header-below-stick-meta":"","astra-migrate-meta-layouts":"set","ast-page-background-enabled":"default","ast-page-background-meta":{"desktop":{"background-color":"","background-image":"","background-repeat":"repeat","background-position":"center center","background-size":"auto","background-attachment":"scroll","background-type":"","background-media":"","overlay-type":"","overlay-color":"","overlay-opacity":"","overlay-gradient":""},"tablet":{"background-color":"","background-image":"","background-repeat":"repeat","background-position":"center center","background-size":"auto","background-attachment":"scroll","background-type":"","background-media":"","overlay-type":"","overlay-color":"","overlay-opacity":"","overlay-gradient":""},"mobile":{"background-color":"","background-image":"","background-repeat":"repeat","background-position":"center center","background-size":"auto","background-attachment":"scroll","background-type":"","background-media":"","overlay-type":"","overlay-color":"","overlay-opacity":"","overlay-gradient":""}},"ast-content-background-meta":{"desktop":{"background-color":"var(--ast-global-color-5)","background-image":"","background-repeat":"repeat","background-position":"center center","background-size":"auto","background-attachment":"scroll","background-type":"","background-media":"","overlay-type":"","overlay-color":"","overlay-opacity":"","overlay-gradient":""},"tablet":{"background-color":"var(--ast-global-color-5)","background-image":"","background-repeat":"repeat","background-position":"center center","background-size":"auto","background-attachment":"scroll","background-type":"","background-media":"","overlay-type":"","overlay-color":"","overlay-opacity":"","overlay-gradient":""},"mobile":{"background-color":"var(--ast-global-color-5)","background-image":"","background-repeat":"repeat","background-position":"center center","background-size":"auto","background-attachment":"scroll","background-type":"","background-media":"","overlay-type":"","overlay-color":"","overlay-opacity":"","overlay-gradient":""}},"footnotes":""},"categories":[144,143],"tags":[],"class_list":["post-4231","post","type-post","status-publish","format-standard","has-post-thumbnail","hentry","category-temi-sociali","category-valori-europei"],"_links":{"self":[{"href":"https:\/\/e-medine.org\/it\/wp-json\/wp\/v2\/posts\/4231","targetHints":{"allow":["GET"]}}],"collection":[{"href":"https:\/\/e-medine.org\/it\/wp-json\/wp\/v2\/posts"}],"about":[{"href":"https:\/\/e-medine.org\/it\/wp-json\/wp\/v2\/types\/post"}],"author":[{"embeddable":true,"href":"https:\/\/e-medine.org\/it\/wp-json\/wp\/v2\/users\/8"}],"replies":[{"embeddable":true,"href":"https:\/\/e-medine.org\/it\/wp-json\/wp\/v2\/comments?post=4231"}],"version-history":[{"count":6,"href":"https:\/\/e-medine.org\/it\/wp-json\/wp\/v2\/posts\/4231\/revisions"}],"predecessor-version":[{"id":4260,"href":"https:\/\/e-medine.org\/it\/wp-json\/wp\/v2\/posts\/4231\/revisions\/4260"}],"wp:featuredmedia":[{"embeddable":true,"href":"https:\/\/e-medine.org\/it\/wp-json\/wp\/v2\/media\/4232"}],"wp:attachment":[{"href":"https:\/\/e-medine.org\/it\/wp-json\/wp\/v2\/media?parent=4231"}],"wp:term":[{"taxonomy":"category","embeddable":true,"href":"https:\/\/e-medine.org\/it\/wp-json\/wp\/v2\/categories?post=4231"},{"taxonomy":"post_tag","embeddable":true,"href":"https:\/\/e-medine.org\/it\/wp-json\/wp\/v2\/tags?post=4231"}],"curies":[{"name":"wp","href":"https:\/\/api.w.org\/{rel}","templated":true}]}}